{"id":847,"date":"2024-04-23T15:23:16","date_gmt":"2024-04-23T15:23:16","guid":{"rendered":"https:\/\/aulageometrias.webs.upv.es\/?p=847"},"modified":"2024-05-27T17:26:31","modified_gmt":"2024-05-27T17:26:31","slug":"jornada","status":"publish","type":"post","link":"https:\/\/aulageometrias.webs.upv.es\/index.php\/2024\/04\/23\/jornada\/","title":{"rendered":"Jornada Aula Geometr\u00edas Jur\u00eddicas"},"content":{"rendered":"<div id=\"pl-847\"  class=\"panel-layout\" ><div id=\"pg-847-0\"  class=\"panel-grid panel-no-style\" ><div id=\"pgc-847-0-0\"  class=\"panel-grid-cell\" ><div id=\"panel-847-0-0-0\" class=\"so-panel widget widget_sow-editor panel-first-child panel-last-child\" data-index=\"0\" ><div\n\t\t\t\n\t\t\tclass=\"so-widget-sow-editor so-widget-sow-editor-base\"\n\t\t\t\n\t\t>\n<div class=\"siteorigin-widget-tinymce textwidget\">\n\t<p>La jornada del Aula de Geometr\u00edas Jur\u00eddicas: \"Ventajas econ\u00f3micas y sociales de la inscripci\u00f3n gr\u00e1fica en el Registro de la Propiedad\" en la que intervinieron profesionales del Registro de la Propiedad, de la Asociaci\u00f3n Espa\u00f1ola de Ge\u00f3metras Expertos y alumnos que trabajan en los proyectos que se est\u00e1n desarrollando en el Aula.<\/p>\n<p>Las ponencias se centraron en la importancia de la descripci\u00f3n gr\u00e1fica georreferenciada de las fincas en el Registro de la Propiedad, de las t\u00e9cnicas y est\u00e1ndares que utilizan los Ge\u00f3metras Expertos para generar estas descripciones gr\u00e1ficas de la forma m\u00e1s adecuada y segura.<\/p>\n<p>Tambi\u00e9n se dieron los resultados preliminares del an\u00e1lisis de la litigiosidad en conflictos de lindes, pues uno de los proyectos m\u00e1s relevantes que desarrolla el Aula.<\/p>\n<p><img loading=\"lazy\" decoding=\"async\" class=\"alignnone  wp-image-879\" src=\"https:\/\/aulageometrias.webs.upv.es\/wp-content\/uploads\/2024\/04\/IMG-20240426-WA0003-1-300x225.jpg\" alt=\"\" width=\"241\" height=\"181\" srcset=\"https:\/\/aulageometrias.webs.upv.es\/wp-content\/uploads\/2024\/04\/IMG-20240426-WA0003-1-300x225.jpg 300w, https:\/\/aulageometrias.webs.upv.es\/wp-content\/uploads\/2024\/04\/IMG-20240426-WA0003-1-1024x768.jpg 1024w, https:\/\/aulageometrias.webs.upv.es\/wp-content\/uploads\/2024\/04\/IMG-20240426-WA0003-1-768x576.jpg 768w, https:\/\/aulageometrias.webs.upv.es\/wp-content\/uploads\/2024\/04\/IMG-20240426-WA0003-1.jpg 1530w\" sizes=\"auto, (max-width: 241px) 100vw, 241px\" \/> <img loading=\"lazy\" decoding=\"async\" class=\"alignnone  wp-image-880\" src=\"https:\/\/aulageometrias.webs.upv.es\/wp-content\/uploads\/2024\/04\/IMG-20240426-WA0004-1-300x225.jpg\" alt=\"\" width=\"241\" height=\"181\" srcset=\"https:\/\/aulageometrias.webs.upv.es\/wp-content\/uploads\/2024\/04\/IMG-20240426-WA0004-1-300x225.jpg 300w, https:\/\/aulageometrias.webs.upv.es\/wp-content\/uploads\/2024\/04\/IMG-20240426-WA0004-1-1024x768.jpg 1024w, https:\/\/aulageometrias.webs.upv.es\/wp-content\/uploads\/2024\/04\/IMG-20240426-WA0004-1-768x576.jpg 768w, https:\/\/aulageometrias.webs.upv.es\/wp-content\/uploads\/2024\/04\/IMG-20240426-WA0004-1.jpg 1296w\" sizes=\"auto, (max-width: 241px) 100vw, 241px\" \/> <img loading=\"lazy\" decoding=\"async\" class=\"alignnone  wp-image-881\" src=\"https:\/\/aulageometrias.webs.upv.es\/wp-content\/uploads\/2024\/04\/IMG-20240426-WA0005-1-300x225.jpg\" alt=\"\" width=\"241\" height=\"181\" srcset=\"https:\/\/aulageometrias.webs.upv.es\/wp-content\/uploads\/2024\/04\/IMG-20240426-WA0005-1-300x225.jpg 300w, https:\/\/aulageometrias.webs.upv.es\/wp-content\/uploads\/2024\/04\/IMG-20240426-WA0005-1-1024x768.jpg 1024w, https:\/\/aulageometrias.webs.upv.es\/wp-content\/uploads\/2024\/04\/IMG-20240426-WA0005-1-768x576.jpg 768w, https:\/\/aulageometrias.webs.upv.es\/wp-content\/uploads\/2024\/04\/IMG-20240426-WA0005-1.jpg 1204w\" sizes=\"auto, (max-width: 241px) 100vw, 241px\" \/> <img loading=\"lazy\" decoding=\"async\" class=\"alignnone  wp-image-882\" src=\"https:\/\/aulageometrias.webs.upv.es\/wp-content\/uploads\/2024\/04\/IMG-20240426-WA0006-1-300x225.jpg\" alt=\"\" width=\"241\" height=\"181\" srcset=\"https:\/\/aulageometrias.webs.upv.es\/wp-content\/uploads\/2024\/04\/IMG-20240426-WA0006-1-300x225.jpg 300w, https:\/\/aulageometrias.webs.upv.es\/wp-content\/uploads\/2024\/04\/IMG-20240426-WA0006-1-1024x768.jpg 1024w, https:\/\/aulageometrias.webs.upv.es\/wp-content\/uploads\/2024\/04\/IMG-20240426-WA0006-1-768x576.jpg 768w, https:\/\/aulageometrias.webs.upv.es\/wp-content\/uploads\/2024\/04\/IMG-20240426-WA0006-1.jpg 1502w\" sizes=\"auto, (max-width: 241px) 100vw, 241px\" \/> <img loading=\"lazy\" decoding=\"async\" class=\"alignnone  wp-image-883\" src=\"https:\/\/aulageometrias.webs.upv.es\/wp-content\/uploads\/2024\/04\/IMG-20240426-WA0007-1-300x225.jpg\" alt=\"\" width=\"241\" height=\"181\" srcset=\"https:\/\/aulageometrias.webs.upv.es\/wp-content\/uploads\/2024\/04\/IMG-20240426-WA0007-1-300x225.jpg 300w, https:\/\/aulageometrias.webs.upv.es\/wp-content\/uploads\/2024\/04\/IMG-20240426-WA0007-1-1024x768.jpg 1024w, https:\/\/aulageometrias.webs.upv.es\/wp-content\/uploads\/2024\/04\/IMG-20240426-WA0007-1-768x576.jpg 768w, https:\/\/aulageometrias.webs.upv.es\/wp-content\/uploads\/2024\/04\/IMG-20240426-WA0007-1.jpg 1492w\" sizes=\"auto, (max-width: 241px) 100vw, 241px\" \/> <img loading=\"lazy\" decoding=\"async\" class=\"alignnone  wp-image-884\" src=\"https:\/\/aulageometrias.webs.upv.es\/wp-content\/uploads\/2024\/04\/IMG-20240426-WA0008-1-300x225.jpg\" alt=\"\" width=\"241\" height=\"181\" srcset=\"https:\/\/aulageometrias.webs.upv.es\/wp-content\/uploads\/2024\/04\/IMG-20240426-WA0008-1-300x225.jpg 300w, https:\/\/aulageometrias.webs.upv.es\/wp-content\/uploads\/2024\/04\/IMG-20240426-WA0008-1-768x576.jpg 768w, https:\/\/aulageometrias.webs.upv.es\/wp-content\/uploads\/2024\/04\/IMG-20240426-WA0008-1.jpg 773w\" sizes=\"auto, (max-width: 241px) 100vw, 241px\" \/> <img loading=\"lazy\" decoding=\"async\" class=\"alignnone  wp-image-885\" src=\"https:\/\/aulageometrias.webs.upv.es\/wp-content\/uploads\/2024\/04\/IMG-20240426-WA0009-1-300x225.jpg\" alt=\"\" width=\"241\" height=\"181\" srcset=\"https:\/\/aulageometrias.webs.upv.es\/wp-content\/uploads\/2024\/04\/IMG-20240426-WA0009-1-300x225.jpg 300w, https:\/\/aulageometrias.webs.upv.es\/wp-content\/uploads\/2024\/04\/IMG-20240426-WA0009-1-1024x768.jpg 1024w, https:\/\/aulageometrias.webs.upv.es\/wp-content\/uploads\/2024\/04\/IMG-20240426-WA0009-1-768x576.jpg 768w, https:\/\/aulageometrias.webs.upv.es\/wp-content\/uploads\/2024\/04\/IMG-20240426-WA0009-1.jpg 1515w\" sizes=\"auto, (max-width: 241px) 100vw, 241px\" \/> <img loading=\"lazy\" decoding=\"async\" class=\"alignnone  wp-image-886\" src=\"https:\/\/aulageometrias.webs.upv.es\/wp-content\/uploads\/2024\/04\/IMG-20240426-WA0010-1-300x225.jpg\" alt=\"\" width=\"241\" height=\"181\" srcset=\"https:\/\/aulageometrias.webs.upv.es\/wp-content\/uploads\/2024\/04\/IMG-20240426-WA0010-1-300x225.jpg 300w, https:\/\/aulageometrias.webs.upv.es\/wp-content\/uploads\/2024\/04\/IMG-20240426-WA0010-1.jpg 707w\" sizes=\"auto, (max-width: 241px) 100vw, 241px\" \/> <img loading=\"lazy\" decoding=\"async\" class=\"alignnone  wp-image-887\" src=\"https:\/\/aulageometrias.webs.upv.es\/wp-content\/uploads\/2024\/04\/IMG-20240426-WA0011-1-300x225.jpg\" alt=\"\" width=\"241\" height=\"181\" srcset=\"https:\/\/aulageometrias.webs.upv.es\/wp-content\/uploads\/2024\/04\/IMG-20240426-WA0011-1-300x225.jpg 300w, https:\/\/aulageometrias.webs.upv.es\/wp-content\/uploads\/2024\/04\/IMG-20240426-WA0011-1-768x575.jpg 768w, https:\/\/aulageometrias.webs.upv.es\/wp-content\/uploads\/2024\/04\/IMG-20240426-WA0011-1.jpg 989w\" sizes=\"auto, (max-width: 241px) 100vw, 241px\" \/><\/p>\n<p>&nbsp;<\/p>\n<\/div>\n<\/div><\/div><\/div><\/div><\/div>","protected":false},"excerpt":{"rendered":"<p>La jornada del Aula de Geometr\u00edas Jur\u00eddicas: \u00abVentajas econ\u00f3micas y sociales de la inscripci\u00f3n gr\u00e1fica en el Registro de la Propiedad\u00bb en la que intervinieron profesionales del Registro de la Propiedad, de la Asociaci\u00f3n Espa\u00f1ola de Ge\u00f3metras Expertos y alumnos que trabajan en los proyectos que se est\u00e1n desarrollando en el Aula. Las ponencias se [&hellip;]<\/p>\n","protected":false},"author":1,"featured_media":0,"comment_status":"open","ping_status":"open","sticky":false,"template":"","format":"standard","meta":{"_themeisle_gutenberg_block_has_review":false,"footnotes":""},"categories":[1],"tags":[],"class_list":["post-847","post","type-post","status-publish","format-standard","hentry","category-uncategorized"],"yoast_head":"<!-- This site is optimized with the Yoast SEO plugin v28.4 - https:\/\/yoast.com\/product\/yoast-seo-wordpress\/ -->\n<title>Jornada Aula Geometr\u00edas Jur\u00eddicas - Aula Geometr\u00edas Jur\u00eddicas<\/title>\n<meta name=\"robots\" content=\"index, follow, max-snippet:-1, max-image-preview:large, max-video-preview:-1\" \/>\n<link rel=\"canonical\" href=\"https:\/\/aulageometrias.webs.upv.es\/index.php\/2024\/04\/23\/jornada\/\" \/>\n<meta property=\"og:locale\" content=\"es_ES\" \/>\n<meta property=\"og:type\" content=\"article\" \/>\n<meta property=\"og:title\" content=\"Jornada Aula Geometr\u00edas Jur\u00eddicas - Aula Geometr\u00edas Jur\u00eddicas\" \/>\n<meta property=\"og:description\" content=\"La jornada del Aula de Geometr\u00edas Jur\u00eddicas: &quot;Ventajas econ\u00f3micas y sociales de la inscripci\u00f3n gr\u00e1fica en el Registro de la Propiedad&quot; en la que intervinieron profesionales del Registro de la Propiedad, de la Asociaci\u00f3n Espa\u00f1ola de Ge\u00f3metras Expertos y alumnos que trabajan en los proyectos que se est\u00e1n desarrollando en el Aula. Las ponencias se [&hellip;]\" \/>\n<meta property=\"og:url\" content=\"https:\/\/aulageometrias.webs.upv.es\/index.php\/2024\/04\/23\/jornada\/\" \/>\n<meta property=\"og:site_name\" content=\"Aula Geometr\u00edas Jur\u00eddicas\" \/>\n<meta property=\"article:publisher\" content=\"https:\/\/www.facebook.com\/MasterGeoJur\/\" \/>\n<meta property=\"article:published_time\" content=\"2024-04-23T15:23:16+00:00\" \/>\n<meta property=\"article:modified_time\" content=\"2024-05-27T17:26:31+00:00\" \/>\n<meta property=\"og:image\" content=\"https:\/\/aulageometrias.webs.upv.es\/wp-content\/uploads\/2024\/04\/IMG-20240426-WA0003-1-300x225.jpg\" \/>\n<meta name=\"author\" content=\"admin\" \/>\n<meta name=\"twitter:card\" content=\"summary_large_image\" \/>\n<meta name=\"twitter:creator\" content=\"@mastergej\" \/>\n<meta name=\"twitter:site\" content=\"@mastergej\" \/>\n<meta name=\"twitter:label1\" content=\"Escrito por\" \/>\n\t<meta name=\"twitter:data1\" content=\"admin\" \/>\n\t<meta name=\"twitter:label2\" content=\"Tiempo de lectura\" \/>\n\t<meta name=\"twitter:data2\" content=\"3 minutos\" \/>\n<script type=\"application\/ld+json\" class=\"yoast-schema-graph\">{\"@context\":\"https:\\\/\\\/schema.org\",\"@graph\":[{\"@type\":\"Article\",\"@id\":\"https:\\\/\\\/aulageometrias.webs.upv.es\\\/index.php\\\/2024\\\/04\\\/23\\\/jornada\\\/#article\",\"isPartOf\":{\"@id\":\"https:\\\/\\\/aulageometrias.webs.upv.es\\\/index.php\\\/2024\\\/04\\\/23\\\/jornada\\\/\"},\"author\":{\"name\":\"admin\",\"@id\":\"https:\\\/\\\/aulageometrias.webs.upv.es\\\/#\\\/schema\\\/person\\\/ebbece53d669a736439d086237f6011b\"},\"headline\":\"Jornada Aula Geometr\u00edas Jur\u00eddicas\",\"datePublished\":\"2024-04-23T15:23:16+00:00\",\"dateModified\":\"2024-05-27T17:26:31+00:00\",\"mainEntityOfPage\":{\"@id\":\"https:\\\/\\\/aulageometrias.webs.upv.es\\\/index.php\\\/2024\\\/04\\\/23\\\/jornada\\\/\"},\"wordCount\":147,\"commentCount\":0,\"publisher\":{\"@id\":\"https:\\\/\\\/aulageometrias.webs.upv.es\\\/#organization\"},\"image\":{\"@id\":\"https:\\\/\\\/aulageometrias.webs.upv.es\\\/index.php\\\/2024\\\/04\\\/23\\\/jornada\\\/#primaryimage\"},\"thumbnailUrl\":\"https:\\\/\\\/aulageometrias.webs.upv.es\\\/wp-content\\\/uploads\\\/2024\\\/04\\\/IMG-20240426-WA0003-1-300x225.jpg\",\"articleSection\":[\"Uncategorized\"],\"inLanguage\":\"es\",\"potentialAction\":[{\"@type\":\"CommentAction\",\"name\":\"Comment\",\"target\":[\"https:\\\/\\\/aulageometrias.webs.upv.es\\\/index.php\\\/2024\\\/04\\\/23\\\/jornada\\\/#respond\"]}]},{\"@type\":\"WebPage\",\"@id\":\"https:\\\/\\\/aulageometrias.webs.upv.es\\\/index.php\\\/2024\\\/04\\\/23\\\/jornada\\\/\",\"url\":\"https:\\\/\\\/aulageometrias.webs.upv.es\\\/index.php\\\/2024\\\/04\\\/23\\\/jornada\\\/\",\"name\":\"Jornada Aula Geometr\u00edas Jur\u00eddicas - Aula Geometr\u00edas Jur\u00eddicas\",\"isPartOf\":{\"@id\":\"https:\\\/\\\/aulageometrias.webs.upv.es\\\/#website\"},\"primaryImageOfPage\":{\"@id\":\"https:\\\/\\\/aulageometrias.webs.upv.es\\\/index.php\\\/2024\\\/04\\\/23\\\/jornada\\\/#primaryimage\"},\"image\":{\"@id\":\"https:\\\/\\\/aulageometrias.webs.upv.es\\\/index.php\\\/2024\\\/04\\\/23\\\/jornada\\\/#primaryimage\"},\"thumbnailUrl\":\"https:\\\/\\\/aulageometrias.webs.upv.es\\\/wp-content\\\/uploads\\\/2024\\\/04\\\/IMG-20240426-WA0003-1-300x225.jpg\",\"datePublished\":\"2024-04-23T15:23:16+00:00\",\"dateModified\":\"2024-05-27T17:26:31+00:00\",\"breadcrumb\":{\"@id\":\"https:\\\/\\\/aulageometrias.webs.upv.es\\\/index.php\\\/2024\\\/04\\\/23\\\/jornada\\\/#breadcrumb\"},\"inLanguage\":\"es\",\"potentialAction\":[{\"@type\":\"ReadAction\",\"target\":[\"https:\\\/\\\/aulageometrias.webs.upv.es\\\/index.php\\\/2024\\\/04\\\/23\\\/jornada\\\/\"]}]},{\"@type\":\"ImageObject\",\"inLanguage\":\"es\",\"@id\":\"https:\\\/\\\/aulageometrias.webs.upv.es\\\/index.php\\\/2024\\\/04\\\/23\\\/jornada\\\/#primaryimage\",\"url\":\"https:\\\/\\\/aulageometrias.webs.upv.es\\\/wp-content\\\/uploads\\\/2024\\\/04\\\/IMG-20240426-WA0003-1.jpg\",\"contentUrl\":\"https:\\\/\\\/aulageometrias.webs.upv.es\\\/wp-content\\\/uploads\\\/2024\\\/04\\\/IMG-20240426-WA0003-1.jpg\",\"width\":1530,\"height\":1148},{\"@type\":\"BreadcrumbList\",\"@id\":\"https:\\\/\\\/aulageometrias.webs.upv.es\\\/index.php\\\/2024\\\/04\\\/23\\\/jornada\\\/#breadcrumb\",\"itemListElement\":[{\"@type\":\"ListItem\",\"position\":1,\"name\":\"Aula de Empresa GJ\",\"item\":\"https:\\\/\\\/aulageometrias.webs.upv.es\\\/\"},{\"@type\":\"ListItem\",\"position\":2,\"name\":\"Jornada Aula Geometr\u00edas Jur\u00eddicas\"}]},{\"@type\":\"WebSite\",\"@id\":\"https:\\\/\\\/aulageometrias.webs.upv.es\\\/#website\",\"url\":\"https:\\\/\\\/aulageometrias.webs.upv.es\\\/\",\"name\":\"Aula de Empresa Geometr\u00edas Jur\u00eddicas\",\"description\":\"Aula Geometr\u00edas Jur\u00eddicas\",\"publisher\":{\"@id\":\"https:\\\/\\\/aulageometrias.webs.upv.es\\\/#organization\"},\"potentialAction\":[{\"@type\":\"SearchAction\",\"target\":{\"@type\":\"EntryPoint\",\"urlTemplate\":\"https:\\\/\\\/aulageometrias.webs.upv.es\\\/?s={search_term_string}\"},\"query-input\":{\"@type\":\"PropertyValueSpecification\",\"valueRequired\":true,\"valueName\":\"search_term_string\"}}],\"inLanguage\":\"es\"},{\"@type\":\"Organization\",\"@id\":\"https:\\\/\\\/aulageometrias.webs.upv.es\\\/#organization\",\"name\":\"Aula de Empresa Geometr\u00edas Jur\u00eddicas\",\"url\":\"https:\\\/\\\/aulageometrias.webs.upv.es\\\/\",\"logo\":{\"@type\":\"ImageObject\",\"inLanguage\":\"es\",\"@id\":\"https:\\\/\\\/aulageometrias.webs.upv.es\\\/#\\\/schema\\\/logo\\\/image\\\/\",\"url\":\"https:\\\/\\\/aulageometrias.webs.upv.es\\\/wp-content\\\/uploads\\\/2024\\\/01\\\/Personas-e1706611393856.png\",\"contentUrl\":\"https:\\\/\\\/aulageometrias.webs.upv.es\\\/wp-content\\\/uploads\\\/2024\\\/01\\\/Personas-e1706611393856.png\",\"width\":200,\"height\":90,\"caption\":\"Aula de Empresa Geometr\u00edas Jur\u00eddicas\"},\"image\":{\"@id\":\"https:\\\/\\\/aulageometrias.webs.upv.es\\\/#\\\/schema\\\/logo\\\/image\\\/\"},\"sameAs\":[\"https:\\\/\\\/www.facebook.com\\\/MasterGeoJur\\\/\",\"https:\\\/\\\/x.com\\\/mastergej\",\"https:\\\/\\\/www.instagram.com\\\/p\\\/C0ep8XGoVdE\\\/?igsh=MW94bTB5eWRsdHc1Nw==\",\"https:\\\/\\\/www.linkedin.com\\\/company\\\/aula-de-geometr\u00edas-jur\u00eddicas\\\/\"]},{\"@type\":\"Person\",\"@id\":\"https:\\\/\\\/aulageometrias.webs.upv.es\\\/#\\\/schema\\\/person\\\/ebbece53d669a736439d086237f6011b\",\"name\":\"admin\",\"image\":{\"@type\":\"ImageObject\",\"inLanguage\":\"es\",\"@id\":\"https:\\\/\\\/secure.gravatar.com\\\/avatar\\\/34d2cab9f5047a6d922232c73ecb7446d5d6b9a573afb7a42040a643995a972e?s=96&d=mm&r=g\",\"url\":\"https:\\\/\\\/secure.gravatar.com\\\/avatar\\\/34d2cab9f5047a6d922232c73ecb7446d5d6b9a573afb7a42040a643995a972e?s=96&d=mm&r=g\",\"contentUrl\":\"https:\\\/\\\/secure.gravatar.com\\\/avatar\\\/34d2cab9f5047a6d922232c73ecb7446d5d6b9a573afb7a42040a643995a972e?s=96&d=mm&r=g\",\"caption\":\"admin\"},\"sameAs\":[\"https:\\\/\\\/aulageometrias.webs.upv.es\"],\"url\":\"https:\\\/\\\/aulageometrias.webs.upv.es\\\/index.php\\\/author\\\/ngarrido_cugopxbk\\\/\"}]}<\/script>\n<!-- \/ Yoast SEO plugin. -->","yoast_head_json":{"title":"Jornada Aula Geometr\u00edas Jur\u00eddicas - Aula Geometr\u00edas Jur\u00eddicas","robots":{"index":"index","follow":"follow","max-snippet":"max-snippet:-1","max-image-preview":"max-image-preview:large","max-video-preview":"max-video-preview:-1"},"canonical":"https:\/\/aulageometrias.webs.upv.es\/index.php\/2024\/04\/23\/jornada\/","og_locale":"es_ES","og_type":"article","og_title":"Jornada Aula Geometr\u00edas Jur\u00eddicas - Aula Geometr\u00edas Jur\u00eddicas","og_description":"La jornada del Aula de Geometr\u00edas Jur\u00eddicas: \"Ventajas econ\u00f3micas y sociales de la inscripci\u00f3n gr\u00e1fica en el Registro de la Propiedad\" en la que intervinieron profesionales del Registro de la Propiedad, de la Asociaci\u00f3n Espa\u00f1ola de Ge\u00f3metras Expertos y alumnos que trabajan en los proyectos que se est\u00e1n desarrollando en el Aula. Las ponencias se [&hellip;]","og_url":"https:\/\/aulageometrias.webs.upv.es\/index.php\/2024\/04\/23\/jornada\/","og_site_name":"Aula Geometr\u00edas Jur\u00eddicas","article_publisher":"https:\/\/www.facebook.com\/MasterGeoJur\/","article_published_time":"2024-04-23T15:23:16+00:00","article_modified_time":"2024-05-27T17:26:31+00:00","og_image":[{"url":"https:\/\/aulageometrias.webs.upv.es\/wp-content\/uploads\/2024\/04\/IMG-20240426-WA0003-1-300x225.jpg","type":"","width":"","height":""}],"author":"admin","twitter_card":"summary_large_image","twitter_creator":"@mastergej","twitter_site":"@mastergej","twitter_misc":{"Escrito por":"admin","Tiempo de lectura":"3 minutos"},"schema":{"@context":"https:\/\/schema.org","@graph":[{"@type":"Article","@id":"https:\/\/aulageometrias.webs.upv.es\/index.php\/2024\/04\/23\/jornada\/#article","isPartOf":{"@id":"https:\/\/aulageometrias.webs.upv.es\/index.php\/2024\/04\/23\/jornada\/"},"author":{"name":"admin","@id":"https:\/\/aulageometrias.webs.upv.es\/#\/schema\/person\/ebbece53d669a736439d086237f6011b"},"headline":"Jornada Aula Geometr\u00edas Jur\u00eddicas","datePublished":"2024-04-23T15:23:16+00:00","dateModified":"2024-05-27T17:26:31+00:00","mainEntityOfPage":{"@id":"https:\/\/aulageometrias.webs.upv.es\/index.php\/2024\/04\/23\/jornada\/"},"wordCount":147,"commentCount":0,"publisher":{"@id":"https:\/\/aulageometrias.webs.upv.es\/#organization"},"image":{"@id":"https:\/\/aulageometrias.webs.upv.es\/index.php\/2024\/04\/23\/jornada\/#primaryimage"},"thumbnailUrl":"https:\/\/aulageometrias.webs.upv.es\/wp-content\/uploads\/2024\/04\/IMG-20240426-WA0003-1-300x225.jpg","articleSection":["Uncategorized"],"inLanguage":"es","potentialAction":[{"@type":"CommentAction","name":"Comment","target":["https:\/\/aulageometrias.webs.upv.es\/index.php\/2024\/04\/23\/jornada\/#respond"]}]},{"@type":"WebPage","@id":"https:\/\/aulageometrias.webs.upv.es\/index.php\/2024\/04\/23\/jornada\/","url":"https:\/\/aulageometrias.webs.upv.es\/index.php\/2024\/04\/23\/jornada\/","name":"Jornada Aula Geometr\u00edas Jur\u00eddicas - Aula Geometr\u00edas Jur\u00eddicas","isPartOf":{"@id":"https:\/\/aulageometrias.webs.upv.es\/#website"},"primaryImageOfPage":{"@id":"https:\/\/aulageometrias.webs.upv.es\/index.php\/2024\/04\/23\/jornada\/#primaryimage"},"image":{"@id":"https:\/\/aulageometrias.webs.upv.es\/index.php\/2024\/04\/23\/jornada\/#primaryimage"},"thumbnailUrl":"https:\/\/aulageometrias.webs.upv.es\/wp-content\/uploads\/2024\/04\/IMG-20240426-WA0003-1-300x225.jpg","datePublished":"2024-04-23T15:23:16+00:00","dateModified":"2024-05-27T17:26:31+00:00","breadcrumb":{"@id":"https:\/\/aulageometrias.webs.upv.es\/index.php\/2024\/04\/23\/jornada\/#breadcrumb"},"inLanguage":"es","potentialAction":[{"@type":"ReadAction","target":["https:\/\/aulageometrias.webs.upv.es\/index.php\/2024\/04\/23\/jornada\/"]}]},{"@type":"ImageObject","inLanguage":"es","@id":"https:\/\/aulageometrias.webs.upv.es\/index.php\/2024\/04\/23\/jornada\/#primaryimage","url":"https:\/\/aulageometrias.webs.upv.es\/wp-content\/uploads\/2024\/04\/IMG-20240426-WA0003-1.jpg","contentUrl":"https:\/\/aulageometrias.webs.upv.es\/wp-content\/uploads\/2024\/04\/IMG-20240426-WA0003-1.jpg","width":1530,"height":1148},{"@type":"BreadcrumbList","@id":"https:\/\/aulageometrias.webs.upv.es\/index.php\/2024\/04\/23\/jornada\/#breadcrumb","itemListElement":[{"@type":"ListItem","position":1,"name":"Aula de Empresa GJ","item":"https:\/\/aulageometrias.webs.upv.es\/"},{"@type":"ListItem","position":2,"name":"Jornada Aula Geometr\u00edas Jur\u00eddicas"}]},{"@type":"WebSite","@id":"https:\/\/aulageometrias.webs.upv.es\/#website","url":"https:\/\/aulageometrias.webs.upv.es\/","name":"Aula de Empresa Geometr\u00edas Jur\u00eddicas","description":"Aula Geometr\u00edas Jur\u00eddicas","publisher":{"@id":"https:\/\/aulageometrias.webs.upv.es\/#organization"},"potentialAction":[{"@type":"SearchAction","target":{"@type":"EntryPoint","urlTemplate":"https:\/\/aulageometrias.webs.upv.es\/?s={search_term_string}"},"query-input":{"@type":"PropertyValueSpecification","valueRequired":true,"valueName":"search_term_string"}}],"inLanguage":"es"},{"@type":"Organization","@id":"https:\/\/aulageometrias.webs.upv.es\/#organization","name":"Aula de Empresa Geometr\u00edas Jur\u00eddicas","url":"https:\/\/aulageometrias.webs.upv.es\/","logo":{"@type":"ImageObject","inLanguage":"es","@id":"https:\/\/aulageometrias.webs.upv.es\/#\/schema\/logo\/image\/","url":"https:\/\/aulageometrias.webs.upv.es\/wp-content\/uploads\/2024\/01\/Personas-e1706611393856.png","contentUrl":"https:\/\/aulageometrias.webs.upv.es\/wp-content\/uploads\/2024\/01\/Personas-e1706611393856.png","width":200,"height":90,"caption":"Aula de Empresa Geometr\u00edas Jur\u00eddicas"},"image":{"@id":"https:\/\/aulageometrias.webs.upv.es\/#\/schema\/logo\/image\/"},"sameAs":["https:\/\/www.facebook.com\/MasterGeoJur\/","https:\/\/x.com\/mastergej","https:\/\/www.instagram.com\/p\/C0ep8XGoVdE\/?igsh=MW94bTB5eWRsdHc1Nw==","https:\/\/www.linkedin.com\/company\/aula-de-geometr\u00edas-jur\u00eddicas\/"]},{"@type":"Person","@id":"https:\/\/aulageometrias.webs.upv.es\/#\/schema\/person\/ebbece53d669a736439d086237f6011b","name":"admin","image":{"@type":"ImageObject","inLanguage":"es","@id":"https:\/\/secure.gravatar.com\/avatar\/34d2cab9f5047a6d922232c73ecb7446d5d6b9a573afb7a42040a643995a972e?s=96&d=mm&r=g","url":"https:\/\/secure.gravatar.com\/avatar\/34d2cab9f5047a6d922232c73ecb7446d5d6b9a573afb7a42040a643995a972e?s=96&d=mm&r=g","contentUrl":"https:\/\/secure.gravatar.com\/avatar\/34d2cab9f5047a6d922232c73ecb7446d5d6b9a573afb7a42040a643995a972e?s=96&d=mm&r=g","caption":"admin"},"sameAs":["https:\/\/aulageometrias.webs.upv.es"],"url":"https:\/\/aulageometrias.webs.upv.es\/index.php\/author\/ngarrido_cugopxbk\/"}]}},"_links":{"self":[{"href":"https:\/\/aulageometrias.webs.upv.es\/index.php\/wp-json\/wp\/v2\/posts\/847","targetHints":{"allow":["GET"]}}],"collection":[{"href":"https:\/\/aulageometrias.webs.upv.es\/index.php\/wp-json\/wp\/v2\/posts"}],"about":[{"href":"https:\/\/aulageometrias.webs.upv.es\/index.php\/wp-json\/wp\/v2\/types\/post"}],"author":[{"embeddable":true,"href":"https:\/\/aulageometrias.webs.upv.es\/index.php\/wp-json\/wp\/v2\/users\/1"}],"replies":[{"embeddable":true,"href":"https:\/\/aulageometrias.webs.upv.es\/index.php\/wp-json\/wp\/v2\/comments?post=847"}],"version-history":[{"count":6,"href":"https:\/\/aulageometrias.webs.upv.es\/index.php\/wp-json\/wp\/v2\/posts\/847\/revisions"}],"predecessor-version":[{"id":888,"href":"https:\/\/aulageometrias.webs.upv.es\/index.php\/wp-json\/wp\/v2\/posts\/847\/revisions\/888"}],"wp:attachment":[{"href":"https:\/\/aulageometrias.webs.upv.es\/index.php\/wp-json\/wp\/v2\/media?parent=847"}],"wp:term":[{"taxonomy":"category","embeddable":true,"href":"https:\/\/aulageometrias.webs.upv.es\/index.php\/wp-json\/wp\/v2\/categories?post=847"},{"taxonomy":"post_tag","embeddable":true,"href":"https:\/\/aulageometrias.webs.upv.es\/index.php\/wp-json\/wp\/v2\/tags?post=847"}],"curies":[{"name":"wp","href":"https:\/\/api.w.org\/{rel}","templated":true}]}}